{"id":1346,"date":"2020-10-01T05:39:11","date_gmt":"2020-10-01T05:39:11","guid":{"rendered":"http:\/\/bikers-for-christ.eu\/?p=1346"},"modified":"2023-01-14T17:11:07","modified_gmt":"2023-01-14T17:11:07","slug":"statement-of-faith","status":"publish","type":"post","link":"https:\/\/bikers-for-christ.eu\/hu\/informations\/statement-of-faith\/","title":{"rendered":"Hitvall\u00e1s"},"content":{"rendered":"<div class=\"wpb-content-wrapper\"><div class=\"vc_row wpb_row vc_row-fluid\"><div class=\"wpb_column vc_column_container vc_col-sm-12\"><div class=\"vc_column-inner vc_custom_1604083453869\"><div class=\"wpb_wrapper\">\n\t<div  class=\"wpb_single_image wpb_content_element vc_align_left\">\n\t\t\n\t\t<figure class=\"wpb_wrapper vc_figure\">\n\t\t\t<div class=\"vc_single_image-wrapper   vc_box_border_grey\"><img decoding=\"async\" class=\"vc_single_image-img\" src=\"https:\/\/bikers-for-christ.eu\/wp-content\/uploads\/2016\/04\/trust1-1050x720.jpg\" width=\"1050\" height=\"720\" alt=\"trust1\" title=\"trust1\" loading=\"lazy\"  data-dt-location=\"https:\/\/bikers-for-christ.eu\/hu\/trust1\/\" \/><\/div>\n\t\t<\/figure>\n\t<\/div>\n\n\t<div class=\"wpb_text_column wpb_content_element\" >\n\t\t<div class=\"wpb_wrapper\">\n\t\t\t<p>A Bikers for Christ Motorcycle Ministry az \u00dar J\u00e9zus Krisztusban h\u00edv\u0151k k\u00f6z\u00f6ss\u00e9gek\u00e9nt j\u00f6tt l\u00e9tre. V\u00e9gs\u0151 c\u00e9lunk, hogy megismerj\u00fck Krisztust \u00e9s a Szentl\u00e9lek \u00e1ltal az \u0150 k\u00e9pm\u00e1s\u00e1ra form\u00e1l\u00f3djunk.<\/p>\n\n\t\t<\/div>\n\t<\/div>\n<\/div><\/div><\/div><\/div><div class=\"vc_row wpb_row vc_row-fluid dt-default\" style=\"margin-top: 0px;margin-bottom: 0px\"><div class=\"wpb_column vc_column_container vc_col-sm-6\"><div class=\"vc_column-inner\"><div class=\"wpb_wrapper\">\n\t<div class=\"wpb_text_column wpb_content_element\" >\n\t\t<div class=\"wpb_wrapper\">\n\t\t\t<p style=\"color: #8b8d94; border-left: 4px solid #dd3333; padding-left: 20px; margin-top: 30px;\">Hissz\u00fck, hogy a kereszt\u00e9ny k\u00f6z\u00f6ss\u00e9g egyetlen igazi alapja Krisztus agap\u00e9 szeretete, amely nagyobb minden k\u00fcl\u00f6nbs\u00e9gn\u00e9l, \u00e9s amely n\u00e9lk\u00fcl nem nevezhetj\u00fck magunkat kereszt\u00e9nyeknek.<\/p>\n<p style=\"color: #8b8d94; border-left: 4px solid #dd3333; padding-left: 20px; margin-top: 30px;\">Hissz\u00fck, hogy Isten im\u00e1d\u00e1s\u00e1nak lelki jelleg\u0171nek kell lennie. Ez\u00e9rt rugalmasak \u00e9s nyitottak maradunk a Szentl\u00e9lek vezet\u00e9s\u00e9re istentisztelet\u00fcnkben.<\/p>\n<p style=\"color: #8b8d94; border-left: 4px solid #dd3333; padding-left: 20px; margin-top: 30px;\">Hissz\u00fck, hogy az istentiszteletet Istennek kell inspir\u00e1lnia. Ez\u00e9rt adunk nagy helyet a zen\u00e9nek az istentisztelet\u00fcnkben.<\/p>\n<p style=\"color: #8b8d94; border-left: 4px solid #dd3333; padding-left: 20px; margin-top: 30px;\">Hissz\u00fck, hogy Isten im\u00e1d\u00e1s\u00e1nak intelligensnek kell lennie. \u00c9ppen ez\u00e9rt istentiszteleteinket er\u0151teljesen \u00fagy alak\u00edtottuk ki, hogy Isten Ig\u00e9j\u00e9t tan\u00edtsuk, hogy \u0150 megmutassa nek\u00fcnk, hogyan akarja, hogy dics\u00e9rj\u00fck \u0150t.<\/p>\n<p style=\"color: #8b8d94; border-left: 4px solid #dd3333; padding-left: 20px; margin-top: 30px;\">Hissz\u00fck, hogy Isten im\u00e1d\u00e1s\u00e1nak gy\u00fcm\u00f6lcs\u00f6t kell teremnie. Ez\u00e9rt az \u0150 szeretet\u00e9t keress\u00fck \u00e9let\u00fcnkben, mint term\u00e9szetfeletti kinyilatkoztat\u00e1st arr\u00f3l, hogy val\u00f3ban tisztelt\u00fck \u0150t.<\/p>\n<p style=\"color: #8b8d94; border-left: 4px solid #dd3333; padding-left: 20px; margin-top: 30px;\">Hisz\u00fcnk az eredeti kereszt\u00e9nys\u00e9g minden alapvet\u0151 tan\u00edt\u00e1s\u00e1ban.<\/p>\n<p style=\"color: #8b8d94; border-left: 4px solid #dd3333; padding-left: 20px; margin-top: 30px;\">Hisz\u00fcnk a romolhatatlan Szent\u00edr\u00e1sban, hogy a Biblia <em style=\"color: #555;\">(\u00d3- \u00e9s \u00dajsz\u00f6vets\u00e9g)<\/em> Isten ihletett \u00e9s t\u00e9vedhetetlen szava <em style=\"color: #555;\">(II. Tim\u00f3teus 3:15-17; II. P\u00e9ter 1:19-21)<\/em>.<\/p>\n<p style=\"color: #8b8d94; border-left: 4px solid #dd3333; padding-left: 20px; margin-top: 30px;\">Hissz\u00fck, hogy Isten \u00f6r\u00f6kk\u00e9 l\u00e9tezik az Atya, a Fi\u00fa \u00e9s a Szentl\u00e9lek Szenth\u00e1roms\u00e1g\u00e1ban <em style=\"color: #555;\">(1M\u00f3zes 1:26; 5M\u00f3zes 6:4; M\u00e1t\u00e9 28:19; J\u00e1nos 1:1-14; J\u00e1nos 10:30; J\u00e1nos 14:15-26)<\/em>.<\/p>\n<p style=\"color: #8b8d94; border-left: 4px solid #dd3333; padding-left: 20px; margin-top: 30px;\">Hissz\u00fck, hogy Isten a mindenhat\u00f3, mindent \u00e1that\u00f3 Teremt\u0151je minden dolognak.<\/p>\n\n\t\t<\/div>\n\t<\/div>\n<\/div><\/div><\/div><div class=\"wpb_column vc_column_container vc_col-sm-6\"><div class=\"vc_column-inner\"><div class=\"wpb_wrapper\">\n\t<div class=\"wpb_text_column wpb_content_element\" >\n\t\t<div class=\"wpb_wrapper\">\n\t\t\t<p style=\"color: #8b8d94; border-left: 4px solid #dd3333; padding-left: 20px; margin-top: 30px;\">Hisz\u00fcnk Krisztus istens\u00e9g\u00e9ben <em style=\"color: #555;\">(\u00c9zsai\u00e1s 9:6; J\u00e1nos 8:58; J\u00e1nos 10:24-30; Titus 2:13)<\/em>. Hogy sz\u0171zt\u0151l sz\u00fcletett <em style=\"color: #555;\">(\u00c9zsai\u00e1s 7:14; M\u00e1t\u00e9 1:23; Luk\u00e1cs 1:34-35)<\/em>, b\u0171ntelen \u00e9letet \u00e9lt <em style=\"color: #555;\">(Zsid\u00f3k 4:15; II Korinthus 5:21; I J\u00e1nos 3:5)<\/em>, meghalt a kereszten a b\u0171neink\u00e9rt <em style=\"color: #555;\">(I. Korinthus 15:3; Ef\u00e9zus 1:7; Zsid\u00f3khoz 2:9; I. P\u00e9ter 3:18)<\/em>, fizikailag felt\u00e1madt <em style=\"color: #555;\">(J\u00e1nos 2:18-22; J\u00e1nos 11:25; I Korinthus 15:4)<\/em>, felment a mennybe <em style=\"color: #555;\">(M\u00e1rk 16:19; Ef\u00e9zus 1:19-21)<\/em>, ahol Isten jobbj\u00e1n \u00fcl, hogy \u00f6r\u00f6kk\u00e9 im\u00e1dkozzon \u00e9rt\u00fcnk <em style=\"color: #555;\">(ApCsel 1:9-11; Jelen\u00e9sek 10:11-16)<\/em>.<\/p>\n<p style=\"color: #8b8d94; border-left: 4px solid #dd3333; padding-left: 20px; margin-top: 30px;\">Hisz\u00fcnk J\u00e9zus Krisztus szem\u00e9lyes, l\u00e1that\u00f3 m\u00e1sodik f\u00f6ldi visszat\u00e9r\u00e9s\u00e9ben. Vissza fog t\u00e9rni szentjeivel \u00e9s megalap\u00edtja \u00f6r\u00f6kk\u00e9val\u00f3 kir\u00e1lys\u00e1g\u00e1t.<\/p>\n<p style=\"color: #8b8d94; border-left: 4px solid #dd3333; padding-left: 20px; margin-top: 30px;\">Miut\u00e1n J\u00e9zus felment a mennybe, ki\u00e1rasztotta Szentlelk\u00e9t a jeruzs\u00e1lemi h\u00edv\u0151kre. Ez\u00e1ltal lehet\u0151v\u00e9 tette sz\u00e1mukra, hogy parancs\u00e1nak megfelel\u0151en hirdess\u00e9k az \u00f6r\u00f6mh\u00edrt az eg\u00e9sz vil\u00e1gon. Ebben az elk\u00f6telezetts\u00e9gben ma minden h\u00edv\u0151 osztozik.<\/p>\n<p style=\"color: #8b8d94; border-left: 4px solid #dd3333; padding-left: 20px; margin-top: 30px;\">Hissz\u00fck, hogy minden ember sz\u00fclet\u00e9s\u00e9t\u0151l fogva elszakadt Istent\u0151l, \u00e9s felel\u0151s a saj\u00e1t b\u0171nei\u00e9rt. De hissz\u00fck azt is, hogy a megv\u00e1lt\u00e1s, a szabadul\u00e1s \u00e9s a megbocs\u00e1t\u00e1s mindenf\u00e9le viszonz\u00e1s n\u00e9lk\u00fcl, csakis a mi Urunk J\u00e9zus Krisztus kegyelme \u00e1ltal adatik meg nek\u00fcnk. Amikor valaki megtagadja a b\u0171nt \u00e9s elfogadja J\u00e9zus Krisztust szem\u00e9lyes Megv\u00e1lt\u00f3j\u00e1nak \u00e9s Ur\u00e1nak, azonnal \u00fajj\u00e1sz\u00fcletik \u00e9s a Szentl\u00e9lek \u00e1ltal meg van jel\u00f6lve. Minden b\u0171ne megbocs\u00e1ttatik, \u00e9s ez a szem\u00e9ly Isten gyermek\u00e9v\u00e9 v\u00e1lt, akinek az a rendeltet\u00e9se, hogy az \u00f6r\u00f6kk\u00e9val\u00f3s\u00e1got az \u00darral t\u00f6ltse <em style=\"color: #555;\">(J\u00e1nos 5:24-29; Jelen\u00e9sek 20:11-15)<\/em>.<\/p>\n<p style=\"color: #8b8d94; border-left: 4px solid #dd3333; padding-left: 20px; margin-top: 30px;\">Hissz\u00fck a Szentl\u00e9lek aj\u00e1nd\u00e9kait, ahogyan azokat a Szent\u00edr\u00e1s nevezi, \u00e9s hogy ezek ma is \u00e9rv\u00e9nyesek, ha a bibliai ir\u00e1nyelvek keretein bel\u00fcl gyakoroljuk \u0151ket. <em style=\"color: #555;\">(R\u00f3ma 8:13-16; I. Korinthus 6:19-20; Galata 5:16-25)<\/em>.<\/p>\n\n\t\t<\/div>\n\t<\/div>\n<\/div><\/div><\/div><\/div><div class=\"vc_row wpb_row vc_row-fluid dt-default\" style=\"margin-top: 0px;margin-bottom: 0px\"><div class=\"wpb_column vc_column_container vc_col-sm-12\"><div class=\"vc_column-inner\"><div class=\"wpb_wrapper\">\n\t<div class=\"wpb_text_column wpb_content_element\" >\n\t\t<div class=\"wpb_wrapper\">\n\t\t\t<p>Nek\u00fcnk, h\u00edv\u0151knek t\u00f6rekedn\u00fcnk kell a legjobb adom\u00e1nyokra, \u00e9s igyekezn\u00fcnk kell azokat szeretetben gyakorolni, hogy Krisztus eg\u00e9sz teste hasznot h\u00fazzon bel\u0151l\u00fck. Hissz\u00fck, hogy a szeretet fontosabb, mint a legl\u00e1tv\u00e1nyosabb aj\u00e1nd\u00e9k, \u00e9s hogy szeretet n\u00e9lk\u00fcl a lelki aj\u00e1nd\u00e9kok gyakorl\u00e1sa semmit sem \u00e9r.<\/p>\n<p><em>Bikers for christ M\/M f\u0151hadisz\u00e1ll\u00e1s 2015<\/em><\/p>\n\n\t\t<\/div>\n\t<\/div>\n<\/div><\/div><\/div><\/div>\n<\/div>","protected":false},"excerpt":{"rendered":"<p>A Bikers for Christ Motorcycle Ministry az \u00dar J\u00e9zus Krisztusban h\u00edv\u0151k k\u00f6z\u00f6ss\u00e9gek\u00e9nt j\u00f6tt l\u00e9tre. Legf\u0151bb c\u00e9lunk, hogy megismerj\u00fck Krisztust \u00e9s a Szentl\u00e9lek \u00e1ltal az \u0150 k\u00e9pm\u00e1s\u00e1ra form\u00e1l\u00f3djunk...<\/p>","protected":false},"author":1,"featured_media":1340,"comment_status":"closed","ping_status":"closed","sticky":false,"template":"template-microsite.php","format":"standard","meta":{"footnotes":""},"categories":[5],"tags":[],"class_list":["post-1346","post","type-post","status-publish","format-standard","has-post-thumbnail","hentry","category-informations","category-5","description-off"],"_links":{"self":[{"href":"https:\/\/bikers-for-christ.eu\/hu\/wp-json\/wp\/v2\/posts\/1346","targetHints":{"allow":["GET"]}}],"collection":[{"href":"https:\/\/bikers-for-christ.eu\/hu\/wp-json\/wp\/v2\/posts"}],"about":[{"href":"https:\/\/bikers-for-christ.eu\/hu\/wp-json\/wp\/v2\/types\/post"}],"author":[{"embeddable":true,"href":"https:\/\/bikers-for-christ.eu\/hu\/wp-json\/wp\/v2\/users\/1"}],"replies":[{"embeddable":true,"href":"https:\/\/bikers-for-christ.eu\/hu\/wp-json\/wp\/v2\/comments?post=1346"}],"version-history":[{"count":24,"href":"https:\/\/bikers-for-christ.eu\/hu\/wp-json\/wp\/v2\/posts\/1346\/revisions"}],"predecessor-version":[{"id":1612,"href":"https:\/\/bikers-for-christ.eu\/hu\/wp-json\/wp\/v2\/posts\/1346\/revisions\/1612"}],"wp:featuredmedia":[{"embeddable":true,"href":"https:\/\/bikers-for-christ.eu\/hu\/wp-json\/wp\/v2\/media\/1340"}],"wp:attachment":[{"href":"https:\/\/bikers-for-christ.eu\/hu\/wp-json\/wp\/v2\/media?parent=1346"}],"wp:term":[{"taxonomy":"category","embeddable":true,"href":"https:\/\/bikers-for-christ.eu\/hu\/wp-json\/wp\/v2\/categories?post=1346"},{"taxonomy":"post_tag","embeddable":true,"href":"https:\/\/bikers-for-christ.eu\/hu\/wp-json\/wp\/v2\/tags?post=1346"}],"curies":[{"name":"wp","href":"https:\/\/api.w.org\/{rel}","templated":true}]}}